{"id":26248,"date":"2024-05-15T22:28:10","date_gmt":"2024-05-15T20:28:10","guid":{"rendered":"https:\/\/osfm-splet.splet.arnes.si\/?p=26248"},"modified":"2024-05-15T22:31:21","modified_gmt":"2024-05-15T20:31:21","slug":"zakljucna-prireditev-bralne-znacke","status":"publish","type":"post","link":"https:\/\/www.os-fmalgaja.si\/?p=26248","title":{"rendered":"Zaklju\u010dna prireditev bralne zna\u010dke"},"content":{"rendered":"<p>[et_pb_section fb_built=&#8221;1&#8243; _builder_version=&#8221;4.23.4&#8243; _module_preset=&#8221;default&#8221; global_colors_info=&#8221;{}&#8221;][et_pb_row column_structure=&#8221;1_2,1_2&#8243; _builder_version=&#8221;4.23.4&#8243; _module_preset=&#8221;default&#8221; global_colors_info=&#8221;{}&#8221;][et_pb_column type=&#8221;1_2&#8243; _builder_version=&#8221;4.23.4&#8243; _module_preset=&#8221;default&#8221; global_colors_info=&#8221;{}&#8221;][et_pb_text _builder_version=&#8221;4.23.4&#8243; _module_preset=&#8221;default&#8221; global_colors_info=&#8221;{}&#8221;]<\/p>\n<p>V sredo, 15. 5. 2024, so bili u\u010denci 2. \u010d, 3. \u010d, 4. \u010d in 5. \u010d razreda, ki so v tem \u0161olskem letu opravili bralno zna\u010dko, nagrajeni s sre\u010danjem z znanim reperjem Rokom Terkajem. Ipav\u010dev kulturni center je prekipeval od pozitivne energije in na\u0161ega poplesavanja ob ritmih repa. Navdu\u0161ile so nas interaktivne predstavitve pesmi Abeceda, Uganke No\u010dni koncert, Tok Rad &#8230;<\/p>\n<p>S svojim nastopom nas je razveselil, zabaval in marsikaj nau\u010dil. Med drugim je poudaril, kako pomembno je branje in da znamo razmi\u0161ljati s svojo glavo.&nbsp;Takole pravi Trkaj: \u00bbVe\u010d kot boste brali, ve\u010d kot boste raziskovali, ve\u010d boste idej imeli in se boste lahko v ideje zaleteli.\u00ab<\/p>\n<p>Po\u017eel je bu\u010den aplavz, sledili so njegovi avtogrami in spominsko fotografiranje.<\/p>\n<p>&nbsp;Vsi se strinjamo, da je Trkaj izvrsten promotor branja. Hvala knji\u017eni\u010darki, gospe Simoni Fridl, za odli\u010dno organizirano prireditev in iskrene \u010destitke vsem bralcem!<\/p>\n<p>Naj se na\u0161e bralno potovanje tukaj ne kon\u010da, bodimo \u0161e naprej zvesti knjigi \u2026<\/p>\n<p>U\u010dencem, ki so naredili bralno zna\u010dko, \u010destitamo!<\/p>\n<p>Zahvala velja tudi mentoricam in star\u0161em, ki podpirate otroke pri prebiranju knjig.<\/p>\n<p>&nbsp;<\/p>\n<p>&nbsp;<\/p>\n<p>&nbsp;<\/p>\n<p>&nbsp;<\/p>\n<p>&nbsp;<\/p>\n<p>[\/et_pb_text][\/et_pb_column][et_pb_column type=&#8221;1_2&#8243; _builder_version=&#8221;4.23.4&#8243; _module_preset=&#8221;default&#8221; global_colors_info=&#8221;{}&#8221;][et_pb_gallery gallery_ids=&#8221;26247,26246,26245,26243,26242,26241,26240,26239,26244&#8243; _builder_version=&#8221;4.23.4&#8243; _module_preset=&#8221;default&#8221; global_colors_info=&#8221;{}&#8221;][\/et_pb_gallery][\/et_pb_column][\/et_pb_row][\/et_pb_section]<\/p>\n","protected":false},"excerpt":{"rendered":"<p>V sredo, 15. 5. 2024, so bili u\u010denci 2. \u010d, 3. \u010d, 4. \u010d in 5. \u010d razreda, ki so v tem \u0161olskem letu opravili bralno zna\u010dko, nagrajeni s sre\u010danjem z znanim reperjem Rokom Terkajem. Ipav\u010dev kulturni center je prekipeval od pozitivne energije in na\u0161ega poplesavanja ob ritmih repa. Navdu\u0161ile so nas interaktivne predstavitve pesmi [&hellip;]<\/p>\n","protected":false},"author":41429,"featured_media":26244,"comment_status":"closed","ping_status":"open","sticky":false,"template":"","format":"standard","meta":{"_et_pb_use_builder":"on","_et_pb_old_content":"","_et_gb_content_width":"","ngg_post_thumbnail":0,"footnotes":"","_expiration-date-status":"","_expiration-date":0,"_expiration-date-type":"","_expiration-date-categories":[],"_expiration-date-options":[]},"categories":[89],"tags":[],"class_list":["post-26248","post","type-post","status-publish","format-standard","has-post-thumbnail","hentry","category-aktualno-nis"],"_links":{"self":[{"href":"https:\/\/www.os-fmalgaja.si\/index.php?rest_route=\/wp\/v2\/posts\/26248","targetHints":{"allow":["GET"]}}],"collection":[{"href":"https:\/\/www.os-fmalgaja.si\/index.php?rest_route=\/wp\/v2\/posts"}],"about":[{"href":"https:\/\/www.os-fmalgaja.si\/index.php?rest_route=\/wp\/v2\/types\/post"}],"author":[{"embeddable":true,"href":"https:\/\/www.os-fmalgaja.si\/index.php?rest_route=\/wp\/v2\/users\/41429"}],"replies":[{"embeddable":true,"href":"https:\/\/www.os-fmalgaja.si\/index.php?rest_route=%2Fwp%2Fv2%2Fcomments&post=26248"}],"version-history":[{"count":5,"href":"https:\/\/www.os-fmalgaja.si\/index.php?rest_route=\/wp\/v2\/posts\/26248\/revisions"}],"predecessor-version":[{"id":26255,"href":"https:\/\/www.os-fmalgaja.si\/index.php?rest_route=\/wp\/v2\/posts\/26248\/revisions\/26255"}],"wp:featuredmedia":[{"embeddable":true,"href":"https:\/\/www.os-fmalgaja.si\/index.php?rest_route=\/wp\/v2\/media\/26244"}],"wp:attachment":[{"href":"https:\/\/www.os-fmalgaja.si\/index.php?rest_route=%2Fwp%2Fv2%2Fmedia&parent=26248"}],"wp:term":[{"taxonomy":"category","embeddable":true,"href":"https:\/\/www.os-fmalgaja.si\/index.php?rest_route=%2Fwp%2Fv2%2Fcategories&post=26248"},{"taxonomy":"post_tag","embeddable":true,"href":"https:\/\/www.os-fmalgaja.si\/index.php?rest_route=%2Fwp%2Fv2%2Ftags&post=26248"}],"curies":[{"name":"wp","href":"https:\/\/api.w.org\/{rel}","templated":true}]}}