{"id":34836,"date":"2026-09-02T23:45:51","date_gmt":"2026-09-02T21:45:51","guid":{"rendered":"https:\/\/osfm-splet.splet.arnes.si\/?p=34836"},"modified":"2026-09-02T23:45:51","modified_gmt":"2026-09-02T21:45:51","slug":"sprejem-prvosolcev","status":"publish","type":"post","link":"https:\/\/www.os-fmalgaja.si\/?p=34836","title":{"rendered":"Sprejem prvo\u0161olcev"},"content":{"rendered":"<p><span style=\"font-weight: 400\">PRVI \u0160OLSKI DAN<\/span><\/p>\n<p><i><span style=\"font-weight: 400\">Dobrodo\u0161li, mali \u0161olarji, v \u0161olske klopi,<\/span><\/i><i><span style=\"font-weight: 400\"><br \/>\n<\/span><\/i><i><span style=\"font-weight: 400\">naj vsak \u0161olski dan vam nasmeh podari.<\/span><\/i><i><span style=\"font-weight: 400\"><br \/>\n<\/span><\/i><i><span style=\"font-weight: 400\">Za vas prvo\u0161olce se za\u010denja \u010disto posebna zgodba,<\/span><\/i><i><span style=\"font-weight: 400\"><br \/>\n<\/span><\/i><i><span style=\"font-weight: 400\">od zdaj vsak dan spremljal vas bo glas \u0161olskega zvonca.<\/span><\/i><\/p>\n<p><span style=\"font-weight: 400\">Na \u0161olsko pot se je v torek, 1. septembra 2026, podalo 44 prvo\u0161olcev. Na ta dan so prvi\u010d prestopili prag na\u0161e \u0161ole O\u0160 Franja Malgaja \u0160entjur in postali Malgajevci in Malgajevke. V novo \u0161olsko leto sta jih sprejela s prijaznim nagovorom in izre\u010deno dobrodo\u0161lico tudi g. ravnatelj, Jure Radi\u0161ek, in g. \u017eupan, Marko Diaci. V dar so dobili pravljico Mlada \u010dopka, za ve\u010djo vidnost v prometu pa rumene rutice in kresni\u010dke, ki bodo poskrbele, da bo njihova vsakdanja pot v \u0161olo bolj varna.<\/span><\/p>\n<p><span style=\"font-weight: 400\">Dragi prvo\u0161olci in prvo\u0161olke! Veselimo se skupnih ustvarjalnih, igrivih in vedo\u017eeljnih dni, ki so pred nami.<\/span><span style=\"font-weight: 400\"><br \/>\n<\/span><span style=\"font-weight: 400\"><br \/>\n<\/span><span style=\"font-weight: 400\">Va\u0161e u\u010diteljice<\/span><\/p>\nngg_shortcode_0_placeholder\n","protected":false},"excerpt":{"rendered":"<p>PRVI \u0160OLSKI DAN Dobrodo\u0161li, mali \u0161olarji, v \u0161olske klopi, naj vsak \u0161olski dan vam nasmeh podari. Za vas prvo\u0161olce se za\u010denja \u010disto posebna zgodba, od zdaj vsak dan spremljal vas bo glas \u0161olskega zvonca. Na \u0161olsko pot se je v torek, 1. septembra 2026, podalo 44 prvo\u0161olcev. Na ta dan so prvi\u010d prestopili prag na\u0161e [&hellip;]<\/p>\n","protected":false},"author":6242,"featured_media":0,"comment_status":"closed","ping_status":"open","sticky":false,"template":"","format":"standard","meta":{"_et_pb_use_builder":"","_et_pb_old_content":"","_et_gb_content_width":"","ngg_post_thumbnail":0,"footnotes":""},"categories":[9],"tags":[],"class_list":["post-34836","post","type-post","status-publish","format-standard","hentry","category-aktualno"],"publishpress_future_action":{"enabled":false,"date":"2026-09-10 01:58:25","action":"delete","newStatus":"draft","terms":[],"taxonomy":"category","extraData":[]},"publishpress_future_workflow_manual_trigger":{"enabledWorkflows":[]},"_links":{"self":[{"href":"https:\/\/www.os-fmalgaja.si\/index.php?rest_route=\/wp\/v2\/posts\/34836","targetHints":{"allow":["GET"]}}],"collection":[{"href":"https:\/\/www.os-fmalgaja.si\/index.php?rest_route=\/wp\/v2\/posts"}],"about":[{"href":"https:\/\/www.os-fmalgaja.si\/index.php?rest_route=\/wp\/v2\/types\/post"}],"author":[{"embeddable":true,"href":"https:\/\/www.os-fmalgaja.si\/index.php?rest_route=\/wp\/v2\/users\/6242"}],"replies":[{"embeddable":true,"href":"https:\/\/www.os-fmalgaja.si\/index.php?rest_route=%2Fwp%2Fv2%2Fcomments&post=34836"}],"version-history":[{"count":1,"href":"https:\/\/www.os-fmalgaja.si\/index.php?rest_route=\/wp\/v2\/posts\/34836\/revisions"}],"predecessor-version":[{"id":34837,"href":"https:\/\/www.os-fmalgaja.si\/index.php?rest_route=\/wp\/v2\/posts\/34836\/revisions\/34837"}],"wp:attachment":[{"href":"https:\/\/www.os-fmalgaja.si\/index.php?rest_route=%2Fwp%2Fv2%2Fmedia&parent=34836"}],"wp:term":[{"taxonomy":"category","embeddable":true,"href":"https:\/\/www.os-fmalgaja.si\/index.php?rest_route=%2Fwp%2Fv2%2Fcategories&post=34836"},{"taxonomy":"post_tag","embeddable":true,"href":"https:\/\/www.os-fmalgaja.si\/index.php?rest_route=%2Fwp%2Fv2%2Ftags&post=34836"}],"curies":[{"name":"wp","href":"https:\/\/api.w.org\/{rel}","templated":true}]}}